{"id":398,"date":"2023-10-02T13:26:39","date_gmt":"2023-10-02T16:26:39","guid":{"rendered":"https:\/\/suitecabocla.com.br\/?p=398"},"modified":"2023-10-02T13:26:39","modified_gmt":"2023-10-02T16:26:39","slug":"suite-cabocla-tem-apresentacao-especial-no-sesc-rio-preto-no-dia-5-de-outubro","status":"publish","type":"post","link":"https:\/\/suitecabocla.com.br\/index.php\/2023\/10\/02\/suite-cabocla-tem-apresentacao-especial-no-sesc-rio-preto-no-dia-5-de-outubro\/","title":{"rendered":"\u2018Su\u00edte Cabocla\u2019 tem apresenta\u00e7\u00e3o especial no Sesc Rio Preto no dia 5 de outubro"},"content":{"rendered":"<p>O concerto \u201cSu\u00edte Cabocla\u201d ser\u00e1 apresentado no Sesc Rio Preto nesta quinta-feira (5\/10), \u00e0s 20h. Os ingressos j\u00e1 est\u00e3o \u00e0 venda nas bilheterias do Sesc S\u00e3o Paulo e na <a href=\"https:\/\/www.sescsp.org.br\/programacao\/suite-cabocla-rio-preto\/\">internet<\/a>.<\/p>\n<p>O concerto conta com a participa\u00e7\u00e3o do percussionista e ator Ferrugem, que, na inf\u00e2ncia, nos anos 1980, ficou conhecido por atuar em quadros do programa humor\u00edstico \u201cOs Trapalh\u00f5es\u201d, da Rede Globo. O p\u00fablico ter\u00e1 a oportunidade de vivenciar uma experi\u00eancia musical \u00fanica, tendo uma vis\u00e3o mais ampliada da m\u00fasica a partir da intera\u00e7\u00e3o com os instrumentistas.<\/p>\n<p>Fruto de mais de duas d\u00e9cadas de pesquisa em torno da sonoridade da viola caipira, o \u201cSu\u00edte Cabocla\u201d destaca o potencial desse instrumento tanto no contexto erudito como no popular. Com composi\u00e7\u00f5es autorais e arranjos originais, o concerto subverte com a tradi\u00e7\u00e3o popular que recai sobre a viola, revelando-a como um instrumento universal e, sobretudo, contempor\u00e2neo.<\/p>\n<p>No palco, al\u00e9m de Ferrugem na percuss\u00e3o, Gagliardi estar\u00e1 acompanhado dos instrumentistas C\u00e9sar Monteiro (primeiro violino), Camila Schneck (segundo violino), Adriano Reis (viola), Israel Angeli (violoncelo), Marcos Suzuki (contrabaixo el\u00e9trico), Kau\u00ea de Oliveira (percuss\u00e3o), M\u00e1rcio Zanelli (percuss\u00e3o)\u00a0 e Josiane Cicolani (obo\u00e9).<\/p>\n<p><strong>Servi\u00e7o<br \/>\n<\/strong><strong><em>Concerto \u2018Su\u00edte Cabocla\u2019, de Renato Gagliardi<br \/>\n<\/em><\/strong>Dia 5\/10, \u00e0s 20h, no Sesc Rio Preto<br \/>\nIngressos a partir de R$ 10<br \/>\n<a href=\"https:\/\/www.sescsp.org.br\/programacao\/suite-cabocla-rio-preto\/\">Venda online<\/a><\/p>\n","protected":false},"excerpt":{"rendered":"<p>O concerto \u201cSu\u00edte Cabocla\u201d ser\u00e1 apresentado no Sesc Rio Preto nesta quinta-feira (5\/10), \u00e0s 20h. Os ingressos j\u00e1 est\u00e3o \u00e0 venda nas bilheterias do Sesc S\u00e3o Paulo e na internet. O concerto conta com a participa\u00e7\u00e3o do percussionista e ator Ferrugem, que, na inf\u00e2ncia, nos anos 1980, ficou conhecido por atuar em quadros do programa [&#8230;]\n","protected":false},"author":1,"featured_media":339,"comment_status":"open","ping_status":"open","sticky":false,"template":"","format":"standard","meta":{"footnotes":""},"categories":[3],"tags":[22,20,18,12],"class_list":["post-398","post","type-post","status-publish","format-standard","has-post-thumbnail","hentry","category-blog","tag-concerto-de-cordas","tag-renato-gagliardi","tag-suite-cabocla","tag-viola-caipira"],"_links":{"self":[{"href":"https:\/\/suitecabocla.com.br\/index.php\/wp-json\/wp\/v2\/posts\/398","targetHints":{"allow":["GET"]}}],"collection":[{"href":"https:\/\/suitecabocla.com.br\/index.php\/wp-json\/wp\/v2\/posts"}],"about":[{"href":"https:\/\/suitecabocla.com.br\/index.php\/wp-json\/wp\/v2\/types\/post"}],"author":[{"embeddable":true,"href":"https:\/\/suitecabocla.com.br\/index.php\/wp-json\/wp\/v2\/users\/1"}],"replies":[{"embeddable":true,"href":"https:\/\/suitecabocla.com.br\/index.php\/wp-json\/wp\/v2\/comments?post=398"}],"version-history":[{"count":1,"href":"https:\/\/suitecabocla.com.br\/index.php\/wp-json\/wp\/v2\/posts\/398\/revisions"}],"predecessor-version":[{"id":399,"href":"https:\/\/suitecabocla.com.br\/index.php\/wp-json\/wp\/v2\/posts\/398\/revisions\/399"}],"wp:featuredmedia":[{"embeddable":true,"href":"https:\/\/suitecabocla.com.br\/index.php\/wp-json\/wp\/v2\/media\/339"}],"wp:attachment":[{"href":"https:\/\/suitecabocla.com.br\/index.php\/wp-json\/wp\/v2\/media?parent=398"}],"wp:term":[{"taxonomy":"category","embeddable":true,"href":"https:\/\/suitecabocla.com.br\/index.php\/wp-json\/wp\/v2\/categories?post=398"},{"taxonomy":"post_tag","embeddable":true,"href":"https:\/\/suitecabocla.com.br\/index.php\/wp-json\/wp\/v2\/tags?post=398"}],"curies":[{"name":"wp","href":"https:\/\/api.w.org\/{rel}","templated":true}]}}