{"id":393,"date":"2023-09-15T12:44:38","date_gmt":"2023-09-15T15:44:38","guid":{"rendered":"https:\/\/suitecabocla.com.br\/?p=393"},"modified":"2023-09-15T12:45:52","modified_gmt":"2023-09-15T15:45:52","slug":"concerto-suite-cabocla-e-um-dos-destaques-da-semana-de-arte-e-cultura-de-tanabi","status":"publish","type":"post","link":"https:\/\/suitecabocla.com.br\/index.php\/2023\/09\/15\/concerto-suite-cabocla-e-um-dos-destaques-da-semana-de-arte-e-cultura-de-tanabi\/","title":{"rendered":"Concerto \u2018Su\u00edte Cabocla\u2019 \u00e9 um dos destaques da Semana de Arte e Cultura de Tanabi"},"content":{"rendered":"<div>\n<p>Projeto do m\u00fasico votuporanguense Renato Gagliardi que revela uma outra da face da viola caipira, o concerto \u201cSu\u00edte Cabocla\u201d \u00e9 um dos destaques da programa\u00e7\u00e3o da Semana de Arte e Cultura de Tanabi em 2023. A apresenta\u00e7\u00e3o ser\u00e1 neste domingo (17\/9), \u00e0s 20h, na Pra\u00e7a Nossa Senhora da Concei\u00e7\u00e3o, no centro da cidade.<\/p>\n<p>O concerto conta com a participa\u00e7\u00e3o do percussionista e ator Ferrugem, que, na inf\u00e2ncia, nos anos 1980, ficou conhecido por participar de quadros do programa humor\u00edstico \u201cOs Trapalh\u00f5es\u201d, da Rede Globo. O p\u00fablico ter\u00e1 a oportunidade de vivenciar uma experi\u00eancia musical \u00fanica, tendo uma vis\u00e3o mais ampliada da m\u00fasica a partir da intera\u00e7\u00e3o com os instrumentistas.<\/p>\n<p>Fruto de mais de duas d\u00e9cadas de pesquisa em torno da sonoridade da viola caipira, o \u201cSu\u00edte Cabocla\u201d destaca o potencial desse instrumento tanto no contexto erudito como no popular. Com composi\u00e7\u00f5es autorais e arranjos originais, o concerto subverte com a tradi\u00e7\u00e3o popular que recai sobre a viola, revelando-a como um instrumento universal e, sobretudo, contempor\u00e2neo.<\/p>\n<p>No palco, al\u00e9m de Ferrugem na percuss\u00e3o, Gagliardi estar\u00e1 acompanhado dos instrumentistas C\u00e9sar Monteiro (primeiro violino), Camila Schneck (segundo violino), Adriano Reis (viola), Israel Angeli (violoncelo), Marcos Suzuki (contrabaixo el\u00e9trico), Kau\u00ea de Oliveira (percuss\u00e3o), M\u00e1rcio Zanelli (percuss\u00e3o)\u00a0 e Josiane Cicolani (obo\u00e9).<\/p>\n<p>A apresenta\u00e7\u00e3o do concerto \u201cSu\u00edte Cabocla\u201d em Tanabi faz parte da circula\u00e7\u00e3o viabilizada pelo Governo do Estado de S\u00e3o Paulo, por meio da Secretaria da Cultura, Economia e Ind\u00fastria Criativas. Tamb\u00e9m ser\u00e3o realizadas apresenta\u00e7\u00f5es em Araraquara no dia 15 de setembro, no Sesc, e em S\u00e3o Jos\u00e9 do Rio Preto no dia 5 de outubro, tamb\u00e9m na unidade do Sesc. A entrada \u00e9 de gra\u00e7a.<\/p>\n<p><strong>Servi\u00e7o<\/strong><br \/>\n<em><strong>Concerto \u2018Su\u00edte Cabocla\u2019 na Semana de Arte e Cultura de Tanabi<\/strong><\/em><br \/>\nDia 17\/9 (domingo), \u00e0s 20h<br \/>\nPra\u00e7a Nossa Senhora da Concei\u00e7\u00e3o (Centro)<br \/>\nGr\u00e1tis<\/p>\n<\/div>\n<div><\/div>\n","protected":false},"excerpt":{"rendered":"<p>Projeto do m\u00fasico votuporanguense Renato Gagliardi que revela uma outra da face da viola caipira, o concerto \u201cSu\u00edte Cabocla\u201d \u00e9 um dos destaques da programa\u00e7\u00e3o da Semana de Arte e Cultura de Tanabi em 2023. A apresenta\u00e7\u00e3o ser\u00e1 neste domingo (17\/9), \u00e0s 20h, na Pra\u00e7a Nossa Senhora da Concei\u00e7\u00e3o, no centro da cidade. O concerto [&#8230;]\n","protected":false},"author":1,"featured_media":349,"comment_status":"open","ping_status":"open","sticky":false,"template":"","format":"standard","meta":{"footnotes":""},"categories":[3],"tags":[21,6,20,18,12],"class_list":["post-393","post","type-post","status-publish","format-standard","has-post-thumbnail","hentry","category-blog","tag-concerto-sinfonico","tag-quarteto-de-cordas","tag-renato-gagliardi","tag-suite-cabocla","tag-viola-caipira"],"_links":{"self":[{"href":"https:\/\/suitecabocla.com.br\/index.php\/wp-json\/wp\/v2\/posts\/393","targetHints":{"allow":["GET"]}}],"collection":[{"href":"https:\/\/suitecabocla.com.br\/index.php\/wp-json\/wp\/v2\/posts"}],"about":[{"href":"https:\/\/suitecabocla.com.br\/index.php\/wp-json\/wp\/v2\/types\/post"}],"author":[{"embeddable":true,"href":"https:\/\/suitecabocla.com.br\/index.php\/wp-json\/wp\/v2\/users\/1"}],"replies":[{"embeddable":true,"href":"https:\/\/suitecabocla.com.br\/index.php\/wp-json\/wp\/v2\/comments?post=393"}],"version-history":[{"count":3,"href":"https:\/\/suitecabocla.com.br\/index.php\/wp-json\/wp\/v2\/posts\/393\/revisions"}],"predecessor-version":[{"id":396,"href":"https:\/\/suitecabocla.com.br\/index.php\/wp-json\/wp\/v2\/posts\/393\/revisions\/396"}],"wp:featuredmedia":[{"embeddable":true,"href":"https:\/\/suitecabocla.com.br\/index.php\/wp-json\/wp\/v2\/media\/349"}],"wp:attachment":[{"href":"https:\/\/suitecabocla.com.br\/index.php\/wp-json\/wp\/v2\/media?parent=393"}],"wp:term":[{"taxonomy":"category","embeddable":true,"href":"https:\/\/suitecabocla.com.br\/index.php\/wp-json\/wp\/v2\/categories?post=393"},{"taxonomy":"post_tag","embeddable":true,"href":"https:\/\/suitecabocla.com.br\/index.php\/wp-json\/wp\/v2\/tags?post=393"}],"curies":[{"name":"wp","href":"https:\/\/api.w.org\/{rel}","templated":true}]}}