{"id":390,"date":"2023-09-15T12:41:41","date_gmt":"2023-09-15T15:41:41","guid":{"rendered":"https:\/\/suitecabocla.com.br\/?p=390"},"modified":"2023-09-15T12:46:55","modified_gmt":"2023-09-15T15:46:55","slug":"concerto-que-exalta-a-viola-caipira-suite-cabocla-e-apresentado-pela-primeira-vez-em-araraquara","status":"publish","type":"post","link":"https:\/\/suitecabocla.com.br\/index.php\/2023\/09\/15\/concerto-que-exalta-a-viola-caipira-suite-cabocla-e-apresentado-pela-primeira-vez-em-araraquara\/","title":{"rendered":"Concerto que exalta a viola caipira, \u2018Su\u00edte Cabocla\u2019 \u00e9 apresentado pela primeira vez em Araraquara"},"content":{"rendered":"<div><\/div>\n<div>\n<p>Projeto do m\u00fasico votuporanguense Renato Gagliardi que revela uma outra face da viola caipira, o concerto \u201cSu\u00edte Cabocla\u201d ter\u00e1 sua primeira apresenta\u00e7\u00e3o na cidade de Araraquara no dia 15 de setembro, \u00e0s 20h, na unidade do Sesc.<\/p>\n<p>O concerto conta com a participa\u00e7\u00e3o do percussionista e ator Ferrugem, que, na inf\u00e2ncia, nos anos 1980, ficou conhecido por atuar em quadros do programa humor\u00edstico \u201cOs Trapalh\u00f5es\u201d, da Rede Globo. O p\u00fablico ter\u00e1 a oportunidade de vivenciar uma experi\u00eancia musical \u00fanica, tendo uma vis\u00e3o mais ampliada da m\u00fasica a partir da intera\u00e7\u00e3o com os instrumentistas.<\/p>\n<p>Fruto de mais de duas d\u00e9cadas de pesquisa em torno da sonoridade da viola caipira, o \u201cSu\u00edte Cabocla\u201d destaca o potencial desse instrumento tanto no contexto erudito como no popular. Com composi\u00e7\u00f5es autorais e arranjos originais, o concerto subverte com a tradi\u00e7\u00e3o popular que recai sobre a viola, revelando-a como um instrumento universal e, sobretudo, contempor\u00e2neo.<\/p>\n<p>No palco, al\u00e9m de Ferrugem na percuss\u00e3o, Gagliardi estar\u00e1 acompanhado dos instrumentistas C\u00e9sar Monteiro (primeiro violino), Camila Schneck (segundo violino), Adriano Reis (viola), Israel Angeli (violoncelo), Marcos Suzuki (contrabaixo el\u00e9trico), Kau\u00ea de Oliveira (percuss\u00e3o), M\u00e1rcio Zanelli (percuss\u00e3o)\u00a0 e Josiane Cicolani (obo\u00e9).<\/p>\n<p>Al\u00e9m de Araraquara, o \u201cSu\u00edte Cabocla\u201d tamb\u00e9m ser\u00e1 apresentado em Tanabi (17\/9) e S\u00e3o Jos\u00e9 do Rio Preto (5\/10). As novas apresenta\u00e7\u00f5es do concerto no interior paulista fazem parte da circula\u00e7\u00e3o viabilizada pelo Governo do Estado de S\u00e3o Paulo, por meio da Secretaria da Cultura, Economia e Ind\u00fastria Criativas. A entrada \u00e9 de gra\u00e7a.<\/p>\n<p><strong>Servi\u00e7o<\/strong><br \/>\n<em><strong>Concerto \u2018Su\u00edte Cabocla\u2019, de Renato Gagliardi<\/strong><\/em><br \/>\n<span style=\"color: #333333;\">Dia 15\/9 (sexta-feira), \u00e0s 20h, no Sesc Araraquara (Araraquara)<br \/>\n<\/span><span style=\"color: #333333;\">Gr\u00e1tis<\/span><\/p>\n<\/div>\n","protected":false},"excerpt":{"rendered":"<p>Projeto do m\u00fasico votuporanguense Renato Gagliardi que revela uma outra face da viola caipira, o concerto \u201cSu\u00edte Cabocla\u201d ter\u00e1 sua primeira apresenta\u00e7\u00e3o na cidade de Araraquara no dia 15 de setembro, \u00e0s 20h, na unidade do Sesc. O concerto conta com a participa\u00e7\u00e3o do percussionista e ator Ferrugem, que, na inf\u00e2ncia, nos anos 1980, ficou [&#8230;]\n","protected":false},"author":1,"featured_media":341,"comment_status":"open","ping_status":"open","sticky":false,"template":"","format":"standard","meta":{"footnotes":""},"categories":[3],"tags":[],"class_list":["post-390","post","type-post","status-publish","format-standard","has-post-thumbnail","hentry","category-blog"],"_links":{"self":[{"href":"https:\/\/suitecabocla.com.br\/index.php\/wp-json\/wp\/v2\/posts\/390","targetHints":{"allow":["GET"]}}],"collection":[{"href":"https:\/\/suitecabocla.com.br\/index.php\/wp-json\/wp\/v2\/posts"}],"about":[{"href":"https:\/\/suitecabocla.com.br\/index.php\/wp-json\/wp\/v2\/types\/post"}],"author":[{"embeddable":true,"href":"https:\/\/suitecabocla.com.br\/index.php\/wp-json\/wp\/v2\/users\/1"}],"replies":[{"embeddable":true,"href":"https:\/\/suitecabocla.com.br\/index.php\/wp-json\/wp\/v2\/comments?post=390"}],"version-history":[{"count":2,"href":"https:\/\/suitecabocla.com.br\/index.php\/wp-json\/wp\/v2\/posts\/390\/revisions"}],"predecessor-version":[{"id":392,"href":"https:\/\/suitecabocla.com.br\/index.php\/wp-json\/wp\/v2\/posts\/390\/revisions\/392"}],"wp:featuredmedia":[{"embeddable":true,"href":"https:\/\/suitecabocla.com.br\/index.php\/wp-json\/wp\/v2\/media\/341"}],"wp:attachment":[{"href":"https:\/\/suitecabocla.com.br\/index.php\/wp-json\/wp\/v2\/media?parent=390"}],"wp:term":[{"taxonomy":"category","embeddable":true,"href":"https:\/\/suitecabocla.com.br\/index.php\/wp-json\/wp\/v2\/categories?post=390"},{"taxonomy":"post_tag","embeddable":true,"href":"https:\/\/suitecabocla.com.br\/index.php\/wp-json\/wp\/v2\/tags?post=390"}],"curies":[{"name":"wp","href":"https:\/\/api.w.org\/{rel}","templated":true}]}}