{"id":382,"date":"2023-08-16T12:42:28","date_gmt":"2023-08-16T15:42:28","guid":{"rendered":"https:\/\/suitecabocla.com.br\/?p=382"},"modified":"2023-08-22T13:04:53","modified_gmt":"2023-08-22T16:04:53","slug":"suite-cabocla-tera-3-apresentacoes-no-interior-paulista-entre-setembro-e-outubro","status":"publish","type":"post","link":"https:\/\/suitecabocla.com.br\/index.php\/2023\/08\/16\/suite-cabocla-tera-3-apresentacoes-no-interior-paulista-entre-setembro-e-outubro\/","title":{"rendered":"\u2018Su\u00edte Cabocla\u2019 ter\u00e1 3 apresenta\u00e7\u00f5es no interior paulista entre setembro e outubro"},"content":{"rendered":"<p>Projeto do m\u00fasico votuporanguense Renato Gagliardi que revela uma outra face da viola caipira, o concerto \u201cSu\u00edte Cabocla\u201d ter\u00e1 apresenta\u00e7\u00f5es em tr\u00eas cidades do interior paulista entre setembro e outubro. O \u201cSu\u00edte Cabocla\u201d ser\u00e1 apresentado pela primeira vez em Araraquara no dia 15 de setembro, \u00e0s 20h00, na unidade do Sesc, e em Tanabi no dia 17 de setembro, \u00e0s 20h00, na Pra\u00e7a Nossa Senhora da Concei\u00e7\u00e3o, dentro da programa\u00e7\u00e3o da Semana de Arte e Cultura. Tamb\u00e9m haver\u00e1 apresenta\u00e7\u00e3o no dia 5 de outubro, \u00e0s 21h00, na unidade do Sesc Rio Preto.<\/p>\n<p>O concerto conta com a participa\u00e7\u00e3o do percussionista e ator Ferrugem, que, na inf\u00e2ncia, nos anos 1980, ficou conhecido por atuar em quadros do programa humor\u00edstico \u201cOs Trapalh\u00f5es\u201d, da Rede Globo. O p\u00fablico ter\u00e1 a oportunidade de vivenciar uma experi\u00eancia musical \u00fanica, tendo uma vis\u00e3o mais ampliada da m\u00fasica a partir da intera\u00e7\u00e3o com os instrumentistas.<\/p>\n<p>Fruto de mais de duas d\u00e9cadas de pesquisa em torno da sonoridade da viola caipira, o \u201cSu\u00edte Cabocla\u201d destaca o potencial desse instrumento tanto no contexto erudito como no popular. Com composi\u00e7\u00f5es autorais e arranjos originais, o concerto subverte com a tradi\u00e7\u00e3o popular que recai sobre a viola, revelando-a como um instrumento universal e, sobretudo, contempor\u00e2neo.<\/p>\n<p>No palco, al\u00e9m de Ferrugem na percuss\u00e3o, Gagliardi estar\u00e1 acompanhado dos instrumentistas C\u00e9sar Monteiro (primeiro violino), Camila Schneck (segundo violino), Adriano Reis (viola), Israel Angeli (violoncelo), Marcos Suzuki (contrabaixo el\u00e9trico), Kau\u00ea de Oliveira (percuss\u00e3o), M\u00e1rcio Zanelli (percuss\u00e3o) e Josiane Cicolani (obo\u00e9).<\/p>\n<p>As novas apresenta\u00e7\u00f5es do concerto \u201cSu\u00edte Cabocla\u201d no interior paulista fazem parte da circula\u00e7\u00e3o viabilizada pelo Governo do Estado de S\u00e3o Paulo, por meio da Secretaria da Cultura, Economia e Ind\u00fastria Criativas. A entrada \u00e9 de gra\u00e7a.<\/p>\n<p><strong>Servi\u00e7o<\/strong><br \/>\n<em>Concerto \u2018Su\u00edte Cabocla\u2019, de Renato Gagliardi<\/em><br \/>\nDia 15\/9, \u00e0s 20h, no Sesc Araraquara (Araraquara)<br \/>\nDia 17\/9, \u00e0s 20h, na Pra\u00e7a Nossa Senhora da Concei\u00e7\u00e3o (Tanabi)<br \/>\nDia 5\/10, \u00e0s 21h, no Sesc Rio Preto (S\u00e3o Jos\u00e9 do Rio Preto)<br \/>\nGr\u00e1tis<\/p>\n<p><em>Foto: Z\u00e9 Nogueira\/Divulga\u00e7\u00e3o<\/em><\/p>\n","protected":false},"excerpt":{"rendered":"<p>Projeto do m\u00fasico votuporanguense Renato Gagliardi que revela uma outra face da viola caipira, o concerto \u201cSu\u00edte Cabocla\u201d ter\u00e1 apresenta\u00e7\u00f5es em tr\u00eas cidades do interior paulista entre setembro e outubro. O \u201cSu\u00edte Cabocla\u201d ser\u00e1 apresentado pela primeira vez em Araraquara no dia 15 de setembro, \u00e0s 20h00, na unidade do Sesc, e em Tanabi no [&#8230;]\n","protected":false},"author":1,"featured_media":383,"comment_status":"open","ping_status":"open","sticky":false,"template":"","format":"standard","meta":{"footnotes":""},"categories":[3],"tags":[19,6,18,12],"class_list":["post-382","post","type-post","status-publish","format-standard","has-post-thumbnail","hentry","category-blog","tag-moda-de-viola","tag-quarteto-de-cordas","tag-suite-cabocla","tag-viola-caipira"],"_links":{"self":[{"href":"https:\/\/suitecabocla.com.br\/index.php\/wp-json\/wp\/v2\/posts\/382","targetHints":{"allow":["GET"]}}],"collection":[{"href":"https:\/\/suitecabocla.com.br\/index.php\/wp-json\/wp\/v2\/posts"}],"about":[{"href":"https:\/\/suitecabocla.com.br\/index.php\/wp-json\/wp\/v2\/types\/post"}],"author":[{"embeddable":true,"href":"https:\/\/suitecabocla.com.br\/index.php\/wp-json\/wp\/v2\/users\/1"}],"replies":[{"embeddable":true,"href":"https:\/\/suitecabocla.com.br\/index.php\/wp-json\/wp\/v2\/comments?post=382"}],"version-history":[{"count":2,"href":"https:\/\/suitecabocla.com.br\/index.php\/wp-json\/wp\/v2\/posts\/382\/revisions"}],"predecessor-version":[{"id":387,"href":"https:\/\/suitecabocla.com.br\/index.php\/wp-json\/wp\/v2\/posts\/382\/revisions\/387"}],"wp:featuredmedia":[{"embeddable":true,"href":"https:\/\/suitecabocla.com.br\/index.php\/wp-json\/wp\/v2\/media\/383"}],"wp:attachment":[{"href":"https:\/\/suitecabocla.com.br\/index.php\/wp-json\/wp\/v2\/media?parent=382"}],"wp:term":[{"taxonomy":"category","embeddable":true,"href":"https:\/\/suitecabocla.com.br\/index.php\/wp-json\/wp\/v2\/categories?post=382"},{"taxonomy":"post_tag","embeddable":true,"href":"https:\/\/suitecabocla.com.br\/index.php\/wp-json\/wp\/v2\/tags?post=382"}],"curies":[{"name":"wp","href":"https:\/\/api.w.org\/{rel}","templated":true}]}}