{"id":316,"date":"2022-11-21T13:48:32","date_gmt":"2022-11-21T16:48:32","guid":{"rendered":"https:\/\/suitecabocla.com.br\/?p=316"},"modified":"2022-11-21T13:48:32","modified_gmt":"2022-11-21T16:48:32","slug":"renato-gagliardi-promove-tres-apresentacoes-do-suite-cabocla-em-rio-preto-e-regiao-em-dezembro","status":"publish","type":"post","link":"https:\/\/suitecabocla.com.br\/index.php\/2022\/11\/21\/renato-gagliardi-promove-tres-apresentacoes-do-suite-cabocla-em-rio-preto-e-regiao-em-dezembro\/","title":{"rendered":"Renato Gagliardi promove tr\u00eas apresenta\u00e7\u00f5es do Su\u00edte Cabocla em Rio Preto e regi\u00e3o em dezembro"},"content":{"rendered":"<div>Projeto que reverencia a sonoridade da viola caipira, tanto no contexto erudito como popular, o Su\u00edte Cabocla volta a ganhar os palcos do noroeste paulista neste final do ano, com concertos nas cidades de S\u00e3o Jos\u00e9 do Rio Preto (1\/12) e Votuporanga (17\/12). Al\u00e9m deles, haver\u00e1 uma apresenta\u00e7\u00e3o no Mercad\u00e3o de Rio Preto no dia 11 de dezembro.<\/div>\n<div><\/div>\n<div>Idealizado pelo m\u00fasico Renato Gagliardi, votuporanguense radicado em Rio Preto, o Su\u00edte Cabocla volta aos palcos ap\u00f3s o lan\u00e7amento de uma s\u00e9rie audiovisual, em 2021, que levou parte das composi\u00e7\u00f5es que integram o repert\u00f3rio dos concertos para o Youtube. \u201cO trabalho em est\u00fadio, com cada instrumentista gravando sozinho, foi uma rica experi\u00eancia durante a pandemia. Mas nada substitui o encontro com as pessoas, o contato com o p\u00fablico. Por isso, estamos muitos ansiosos para esses dois concertos, que j\u00e1 trar\u00e3o novas composi\u00e7\u00f5es, lan\u00e7adas apenas por meio da s\u00e9rie audiovisual\u201d, conta Gagliardi, que h\u00e1 mais de duas d\u00e9cadas se dedica ao estudo da viola caipira.<\/div>\n<div><\/div>\n<div>Os concertos de Rio Preto e Votuporanga foram viabilizados pelo fomento do ProAC ICMS (Programa de A\u00e7\u00e3o Cultural), da Secretaria Estadual de Cultura. Em Rio Preto, a apresenta\u00e7\u00e3o ser\u00e1 no Teatro Municipal Paulo Moura no dia 1\u00ba de dezembro, \u00e0s 20h, e em Votuporanga no Centro de Conven\u00e7\u00f5es Jornalista Nelson Camargo no dia 17 de dezembro, tamb\u00e9m \u00e0s 20h. A entrada \u00e9 de gra\u00e7a.<\/div>\n<div><\/div>\n<div>J\u00e1 a apresenta\u00e7\u00e3o no Mercad\u00e3o de Rio Preto, no dia 11 de dezembro, \u00e0s 11h, foi viabilizada pelo fomento do Pr\u00eamio Nelson Seixas, da Secretaria Municipal de Cultura da cidade.<\/div>\n<div><\/div>\n<div>Do erudito ao popular<\/div>\n<div>As novas apresenta\u00e7\u00f5es do Su\u00edte Cabocla trar\u00e3o, al\u00e9m de composi\u00e7\u00f5es que ainda n\u00e3o ganharam os palcos, m\u00fasicas com novas roupagens e releituras. O concerto subverte com a tradi\u00e7\u00e3o popular que reca\u00ed sobre a viola, revelando-a como um instrumento universal e, sobretudo, contempor\u00e2neo. O p\u00fablico desvendar\u00e1 uma outra face desse instrumento, que faz parte da cultura popular do interior paulista.<\/div>\n<div><\/div>\n<div>Nos concertos de Rio Preto (1\/12) e Votuporanga (17\/12), Gagliardi estar\u00e1 acompanhado dos instrumentistas Milton Bergo (primeiro violino), C\u00e9sar Monteiro (segundo violino), C\u00e1ssio Jaber (viol\u00e3o de 7 cordas), Adriano Reis (viola),\u00a0 Israel Angeli (violoncelo), Ferrugem (percuss\u00e3o), Kau\u00ea de Oliveira (percuss\u00e3o), M\u00e1rcio Zanelli (percuss\u00e3o) e Prashanto Hollanda (kalimba).<\/div>\n<div><\/div>\n<div>J\u00e1 na apresenta\u00e7\u00e3o no Mercad\u00e3o de Rio Preto (11\/12), o idealizador do Su\u00edte Cabocla convocou os instrumentistas Camila Schneck (primeiro violino), Adriano Reis (segundo violino), Walisson Cruz (violoncelo), Kau\u00ea de Oliveira (percuss\u00e3o) e C\u00e1ssio Jaber (viol\u00e3o de 7 cordas).<\/div>\n<div><\/div>\n<div>Os concertos do projeto Su\u00edte Cabocla foram contemplados em edital do ProAC ICMS, do Governo do Estado de S\u00e3o Paulo, por meio da Secretaria Estadual de Cultura e Economia Criativa, e conta com patroc\u00ednio da Cotuba e dos Supermercados Porecatu. J\u00e1 a apresenta\u00e7\u00e3o no Mercad\u00e3o de Rio Preto foi viabilizada pelo Pr\u00eamio Nelson Seixas, da Secretaria Municipal de Cultura de S\u00e3o Jos\u00e9 do Rio Preto.<\/div>\n<div><\/div>\n<div><strong>SERVI\u00c7O<\/strong><\/div>\n<div><\/div>\n<div><strong>Concertos do projeto Su\u00edte Cabocla<\/strong><\/div>\n<div><\/div>\n<div><strong>S\u00e3o Jos\u00e9 do Rio Preto<\/strong><\/div>\n<div>Quando: 1\u00ba de dezembro, \u00e0s 20h<\/div>\n<div>Onde: Teatro Municipal Paulo Moura<\/div>\n<div>Gr\u00e1tis<\/div>\n<div><\/div>\n<div>Quando: 11 de dezembro, \u00e0s 11h<\/div>\n<div>Onde: Mercado Municipal<\/div>\n<div>Gr\u00e1tis<\/div>\n<div><\/div>\n<div><strong>Votuporanga<\/strong><\/div>\n<div>Quando: 17 de dezembro, \u00e0s 20h<\/div>\n<div>Onde: Centro de Conven\u00e7\u00f5es Jornalista Nelson Camargo<\/div>\n<div>Gr\u00e1tis<\/div>\n<div><\/div>\n","protected":false},"excerpt":{"rendered":"<p>Projeto que reverencia a sonoridade da viola caipira, tanto no contexto erudito como popular, o Su\u00edte Cabocla volta a ganhar os palcos do noroeste paulista neste final do ano, com concertos nas cidades de S\u00e3o Jos\u00e9 do Rio Preto (1\/12) e Votuporanga (17\/12). Al\u00e9m deles, haver\u00e1 uma apresenta\u00e7\u00e3o no Mercad\u00e3o de Rio Preto no dia [&#8230;]\n","protected":false},"author":1,"featured_media":286,"comment_status":"open","ping_status":"open","sticky":false,"template":"","format":"standard","meta":{"footnotes":""},"categories":[3],"tags":[7,14,17,16,15,8],"class_list":["post-316","post","type-post","status-publish","format-standard","has-post-thumbnail","hentry","category-blog","tag-musica","tag-riopreto","tag-sescriopreto","tag-suitecabocla","tag-violacaipira","tag-votuporanga"],"_links":{"self":[{"href":"https:\/\/suitecabocla.com.br\/index.php\/wp-json\/wp\/v2\/posts\/316","targetHints":{"allow":["GET"]}}],"collection":[{"href":"https:\/\/suitecabocla.com.br\/index.php\/wp-json\/wp\/v2\/posts"}],"about":[{"href":"https:\/\/suitecabocla.com.br\/index.php\/wp-json\/wp\/v2\/types\/post"}],"author":[{"embeddable":true,"href":"https:\/\/suitecabocla.com.br\/index.php\/wp-json\/wp\/v2\/users\/1"}],"replies":[{"embeddable":true,"href":"https:\/\/suitecabocla.com.br\/index.php\/wp-json\/wp\/v2\/comments?post=316"}],"version-history":[{"count":1,"href":"https:\/\/suitecabocla.com.br\/index.php\/wp-json\/wp\/v2\/posts\/316\/revisions"}],"predecessor-version":[{"id":317,"href":"https:\/\/suitecabocla.com.br\/index.php\/wp-json\/wp\/v2\/posts\/316\/revisions\/317"}],"wp:featuredmedia":[{"embeddable":true,"href":"https:\/\/suitecabocla.com.br\/index.php\/wp-json\/wp\/v2\/media\/286"}],"wp:attachment":[{"href":"https:\/\/suitecabocla.com.br\/index.php\/wp-json\/wp\/v2\/media?parent=316"}],"wp:term":[{"taxonomy":"category","embeddable":true,"href":"https:\/\/suitecabocla.com.br\/index.php\/wp-json\/wp\/v2\/categories?post=316"},{"taxonomy":"post_tag","embeddable":true,"href":"https:\/\/suitecabocla.com.br\/index.php\/wp-json\/wp\/v2\/tags?post=316"}],"curies":[{"name":"wp","href":"https:\/\/api.w.org\/{rel}","templated":true}]}}