{"id":308,"date":"2021-12-16T16:18:00","date_gmt":"2021-12-16T19:18:00","guid":{"rendered":"https:\/\/suitecabocla.com.br\/?p=308"},"modified":"2021-12-16T16:18:00","modified_gmt":"2021-12-16T19:18:00","slug":"renato-gagliardi-lanca-3-clipes-com-temas-de-novos-estudos-em-torno-da-viola-caipira","status":"publish","type":"post","link":"https:\/\/suitecabocla.com.br\/index.php\/2021\/12\/16\/renato-gagliardi-lanca-3-clipes-com-temas-de-novos-estudos-em-torno-da-viola-caipira\/","title":{"rendered":"Renato Gagliardi lan\u00e7a 3 clipes com temas de novos estudos em torno da viola caipira"},"content":{"rendered":"<p>Projeto da vida do m\u00fasico Renato Gagliardi, votuporanguense radicado em S\u00e3o Jos\u00e9 do Rio Preto, o Su\u00edte Cabocla ganha novos estudos relacionados \u00e0 sonoridade da viola caipira por meio de pesquisa viabilizada pelo fomento cultural do Pr\u00eamio Nelson Seixas 2021, da Secretaria de Cultura de S\u00e3o Jos\u00e9 do Rio Preto. Na pr\u00f3xima quarta-feira, 22 de dezembro, em seu canal no Youtube, o m\u00fasico lan\u00e7a tr\u00eas videoclipes curtos com temas que nasceram em torno dessa pesquisa, em que ele aprofunda seu estudo sobre o instrumento que est\u00e1 no DNA da cultura tradicional do interior paulista.<\/p>\n<p>Segundo Renato Gagliardi, a viola caipira est\u00e1 em evid\u00eancia nas novas composi\u00e7\u00f5es, cujas grava\u00e7\u00f5es em est\u00fadio contaram com a participa\u00e7\u00e3o do percussionista Kau\u00ea de Oliveira. \u201cA viola caipira est\u00e1 plena nos tr\u00eas temas que criei, contando apenas com a percuss\u00e3o e mais nenhum outro instrumento. Sua sonoridade \u00e9 extremamente evidenciada, sinalizando novos rumos que o Su\u00edte Cabocla poder\u00e1 tomar a partir de agora\u201d, conta.<\/p>\n<p>Para as bases percussivas dos tr\u00eas temas do Su\u00edte Cabocla, foram usados instrumentos ind\u00edgenas e africanos, refor\u00e7ando o car\u00e1ter ancestral da viola caipira na cultura popular paulista.<\/p>\n<p>Os videoclipes dos tr\u00eas temas t\u00eam em m\u00e9dia 20 segundos. Para Renato Gagliardi, esse formato vai de encontro ao estilo de vida contempor\u00e2neo, em que as pessoas acessam v\u00eddeos curtos nas rede sociais. \u201cS\u00e3o temas frutos de um estudo que ter\u00e1 ainda outros frutos. O processo de composi\u00e7\u00e3o de uma m\u00fasica \u00e9 longo, mas as pessoas ter\u00e3o uma dimens\u00e3o completa do potencial da viola caipira nesses tr\u00eas clipes\u201d, comenta.<\/p>\n<p>A grava\u00e7\u00e3o dos temas de Su\u00edte Cabocla teve som, capta\u00e7\u00e3o e mixagem de Ly Sarkis e os videoclipes foram produzidos por Marcelo Melo. A produ\u00e7\u00e3o \u00e9 de Claudia Foss.<\/p>\n<p>SERVI\u00c7O<\/p>\n<p><strong>SU\u00cdTE CABOCLA \u2013 LAN\u00c7AMENTO DE VIDEOCLIPES<\/strong><br \/>\n<strong>Composi\u00e7\u00f5es:<\/strong> \u2018Tema 1\u2019, \u2018Tema 2\u2019 e \u2018Tema 3\u2019<br \/>\n<strong>Quando:<\/strong> 22 de dezembro<br \/>\n<strong>Onde:<\/strong> Youtube (https:\/\/www.youtube.com\/renatogagliardi)<br \/>\nGratuito<\/p>\n<p><em>Projeto viabilizado pelo Edital 01\/2021 \u2013 SMC \u2013 Incentivo \u00e0 Pesquisa em Artes e Cultura do Pr\u00eamio Nelson Seixas 2021, da Secretaria Municipal de Cultura de S\u00e3o Jos\u00e9 do Rio Preto<\/em><\/p>\n","protected":false},"excerpt":{"rendered":"<p>Projeto da vida do m\u00fasico Renato Gagliardi, votuporanguense radicado em S\u00e3o Jos\u00e9 do Rio Preto, o Su\u00edte Cabocla ganha novos estudos relacionados \u00e0 sonoridade da viola caipira por meio de pesquisa viabilizada pelo fomento cultural do Pr\u00eamio Nelson Seixas 2021, da Secretaria de Cultura de S\u00e3o Jos\u00e9 do Rio Preto. Na pr\u00f3xima quarta-feira, 22 de [&#8230;]\n","protected":false},"author":1,"featured_media":309,"comment_status":"open","ping_status":"open","sticky":false,"template":"","format":"standard","meta":{"footnotes":""},"categories":[1],"tags":[],"class_list":["post-308","post","type-post","status-publish","format-standard","has-post-thumbnail","hentry","category-sem-categoria"],"_links":{"self":[{"href":"https:\/\/suitecabocla.com.br\/index.php\/wp-json\/wp\/v2\/posts\/308","targetHints":{"allow":["GET"]}}],"collection":[{"href":"https:\/\/suitecabocla.com.br\/index.php\/wp-json\/wp\/v2\/posts"}],"about":[{"href":"https:\/\/suitecabocla.com.br\/index.php\/wp-json\/wp\/v2\/types\/post"}],"author":[{"embeddable":true,"href":"https:\/\/suitecabocla.com.br\/index.php\/wp-json\/wp\/v2\/users\/1"}],"replies":[{"embeddable":true,"href":"https:\/\/suitecabocla.com.br\/index.php\/wp-json\/wp\/v2\/comments?post=308"}],"version-history":[{"count":1,"href":"https:\/\/suitecabocla.com.br\/index.php\/wp-json\/wp\/v2\/posts\/308\/revisions"}],"predecessor-version":[{"id":310,"href":"https:\/\/suitecabocla.com.br\/index.php\/wp-json\/wp\/v2\/posts\/308\/revisions\/310"}],"wp:featuredmedia":[{"embeddable":true,"href":"https:\/\/suitecabocla.com.br\/index.php\/wp-json\/wp\/v2\/media\/309"}],"wp:attachment":[{"href":"https:\/\/suitecabocla.com.br\/index.php\/wp-json\/wp\/v2\/media?parent=308"}],"wp:term":[{"taxonomy":"category","embeddable":true,"href":"https:\/\/suitecabocla.com.br\/index.php\/wp-json\/wp\/v2\/categories?post=308"},{"taxonomy":"post_tag","embeddable":true,"href":"https:\/\/suitecabocla.com.br\/index.php\/wp-json\/wp\/v2\/tags?post=308"}],"curies":[{"name":"wp","href":"https:\/\/api.w.org\/{rel}","templated":true}]}}