{"id":246,"date":"2021-10-15T17:18:12","date_gmt":"2021-10-15T20:18:12","guid":{"rendered":"https:\/\/suitecabocla.com.br\/?p=246"},"modified":"2021-10-20T16:25:08","modified_gmt":"2021-10-20T19:25:08","slug":"musica-dedicada-a-sobrinha-de-renato-gagliardi-e-proximo-lancamento-da-serie-suite-cabockla","status":"publish","type":"post","link":"https:\/\/suitecabocla.com.br\/index.php\/2021\/10\/15\/musica-dedicada-a-sobrinha-de-renato-gagliardi-e-proximo-lancamento-da-serie-suite-cabockla\/","title":{"rendered":"M\u00fasica dedicada \u00e0 sobrinha de Renato Gagliardi \u00e9 pr\u00f3ximo lan\u00e7amento da s\u00e9rie Su\u00edte Cabockla"},"content":{"rendered":"<p>Composi\u00e7\u00e3o dedicada \u00e0 sobrinha de Renato Gagliardi, \u201cAna Clara\u201d \u00e9 a pr\u00f3xima m\u00fasica a ter seu videoclipe lan\u00e7ado pela s\u00e9rie audiovisual do Su\u00edte Cabocla, projeto do o m\u00fasico votuporanguense radicado em S\u00e3o Jos\u00e9 do Rio Preto que reverencia a sonoridade da viola caipira. A estreia do videoclipe de \u201cAna Clara\u201d ser\u00e1 nesta segunda-feira, 18 de outubro, \u00e0s 20h, no canal de Renato Gagliardi no Youtube e no site www.suitecabocla.com.br.<\/p>\n<p>Assim como \u201cAbertura\u201d, outra composi\u00e7\u00e3o de Renato Gagliardi que teve seu videoclipe lan\u00e7ado no Youtube na semana passada, \u201cAna Clara\u201d tamb\u00e9m faz parte do repert\u00f3rio do concerto de viola caipira e quarteto de cordas concebido pelo m\u00fasico em 2013, sendo prestigiado por mais de 3 mil pessoas em apresenta\u00e7\u00f5es pelo noroeste paulista.<\/p>\n<p>A s\u00e9rie audiovisual do Su\u00edte Cabocla evidencia a conex\u00e3o da humanidade com a natureza \u2013 tem\u00e1tica que sempre fez parte do cancioneiro cunhado pela viola \u2013 como alternativa para uma vida melhor ap\u00f3s uma pandemia mundial hist\u00f3rica, que fez que homens e mulheres ressignificassem os valores da exist\u00eancia humana.<\/p>\n<p>Os lan\u00e7amentos dos videoclipes da s\u00e9rie Su\u00edte Cabocla seguem at\u00e9 o dia 17 de novembro, sempre no canal de Renato Gagliardi no Youtube e no site oficial do projeto (www.suitecabocla.com.br). No site, \u00e9 poss\u00edvel ficar por dentro de toda a trajet\u00f3ria do projeto, que envolve mais de duas d\u00e9cadas de pesquisa em torno da viola.<\/p>\n<p>A produ\u00e7\u00e3o da s\u00e9rie audiovisual Su\u00edte Cabocla foi contemplada em edital do ProAC ICMS, do Governo do Estado de S\u00e3o Paulo, por meio da Secretaria Estadual de Cultura e Economia Criativa, e conta com patroc\u00ednio da Cotuba e dos Supermercados Porecatu, al\u00e9m de apoio cultural da ONG ParaTodos \u2013 Atividades Culturais.<\/p>\n","protected":false},"excerpt":{"rendered":"<p>Composi\u00e7\u00e3o dedicada \u00e0 sobrinha de Renato Gagliardi, \u201cAna Clara\u201d \u00e9 a pr\u00f3xima m\u00fasica a ter seu videoclipe lan\u00e7ado pela s\u00e9rie audiovisual do Su\u00edte Cabocla, projeto do o m\u00fasico votuporanguense radicado em S\u00e3o Jos\u00e9 do Rio Preto que reverencia a sonoridade da viola caipira. A estreia do videoclipe de \u201cAna Clara\u201d ser\u00e1 nesta segunda-feira, 18 de [&#8230;]\n","protected":false},"author":1,"featured_media":247,"comment_status":"open","ping_status":"open","sticky":false,"template":"","format":"standard","meta":{"footnotes":""},"categories":[1],"tags":[],"class_list":["post-246","post","type-post","status-publish","format-standard","has-post-thumbnail","hentry","category-sem-categoria"],"_links":{"self":[{"href":"https:\/\/suitecabocla.com.br\/index.php\/wp-json\/wp\/v2\/posts\/246","targetHints":{"allow":["GET"]}}],"collection":[{"href":"https:\/\/suitecabocla.com.br\/index.php\/wp-json\/wp\/v2\/posts"}],"about":[{"href":"https:\/\/suitecabocla.com.br\/index.php\/wp-json\/wp\/v2\/types\/post"}],"author":[{"embeddable":true,"href":"https:\/\/suitecabocla.com.br\/index.php\/wp-json\/wp\/v2\/users\/1"}],"replies":[{"embeddable":true,"href":"https:\/\/suitecabocla.com.br\/index.php\/wp-json\/wp\/v2\/comments?post=246"}],"version-history":[{"count":2,"href":"https:\/\/suitecabocla.com.br\/index.php\/wp-json\/wp\/v2\/posts\/246\/revisions"}],"predecessor-version":[{"id":258,"href":"https:\/\/suitecabocla.com.br\/index.php\/wp-json\/wp\/v2\/posts\/246\/revisions\/258"}],"wp:featuredmedia":[{"embeddable":true,"href":"https:\/\/suitecabocla.com.br\/index.php\/wp-json\/wp\/v2\/media\/247"}],"wp:attachment":[{"href":"https:\/\/suitecabocla.com.br\/index.php\/wp-json\/wp\/v2\/media?parent=246"}],"wp:term":[{"taxonomy":"category","embeddable":true,"href":"https:\/\/suitecabocla.com.br\/index.php\/wp-json\/wp\/v2\/categories?post=246"},{"taxonomy":"post_tag","embeddable":true,"href":"https:\/\/suitecabocla.com.br\/index.php\/wp-json\/wp\/v2\/tags?post=246"}],"curies":[{"name":"wp","href":"https:\/\/api.w.org\/{rel}","templated":true}]}}