{"id":222,"date":"2021-09-24T14:33:49","date_gmt":"2021-09-24T17:33:49","guid":{"rendered":"https:\/\/suitecabocla.com.br\/?p=222"},"modified":"2021-09-24T14:33:49","modified_gmt":"2021-09-24T17:33:49","slug":"conheca-renato-gagliardi-o-idealizador-do-projeto-suite-cabocla","status":"publish","type":"post","link":"https:\/\/suitecabocla.com.br\/index.php\/2021\/09\/24\/conheca-renato-gagliardi-o-idealizador-do-projeto-suite-cabocla\/","title":{"rendered":"Conhe\u00e7a Renato Gagliardi, o idealizador do projeto Su\u00edte Cabocla"},"content":{"rendered":"<p>Natural de Votuporanga, Renato Gagliardi iniciou sua trajet\u00f3ria na m\u00fasica estudante contrabaixo ac\u00fastico no Conservat\u00f3rio de Tatu\u00ed, em S\u00e3o Paulo, nos anos 1990, de onde seguiu para a Universidade Federal de Goi\u00e1s para sua gradua\u00e7\u00e3o. Iniciou profissionalmente na Orquestra Filarm\u00f4nica do Estado de Goi\u00e1s, al\u00e9m de desenvolver paralelamente sua pesquisa em torno da viola.<\/p>\n<p>Seu envolvimento com a viola, apesar de atuar como contrabaixista \u2013 fun\u00e7\u00e3o que ocupa atualmente na Orquestra Sinf\u00f4nica de Barretos e na Orquestra Filarm\u00f4nica de Rio Preto \u2013 o levou a criar o duo Madeira e Vento, em parceria com o maestro Saulo Schneck, al\u00e9m de criar composi\u00e7\u00f5es para viola e quarteto de cordas cl\u00e1ssico.<\/p>\n<p>Sua experi\u00eancia musical foi maturada em pa\u00edses europeus como It\u00e1lia e Su\u00ed\u00e7a, entre 1997 e 1998, por meio da Associa\u00e7\u00e3o Cultural Mitoka Samba, de Mil\u00e3o. De volta ao Brasil, morando em S\u00e3o Jos\u00e9 do Rio Preto, come\u00e7ou a projetar uma orquestra de viola, refor\u00e7ando sua pesquisa em torno do instrumento.<\/p>\n<p>Em 2013, Renato Gagliardi deu vida ao Su\u00edte Cabocla, concerto que reverencia a viola no ambiente sinf\u00f4nico, circulando por cidades do noroeste paulista e tendo um registro audiovisual exibido pelo canal TV Brasil em rede nacional e internacional.<\/p>\n<p>Em 2016, o votuporanguense foi um dos violeiros convocados para o projeto De Improviso, realizado pelo Sesc Rio Preto. No ano seguinte, participou do \u00e1lbum Viola Paulista, lan\u00e7ado pelo Sesc S\u00e3o Paulo com a grava\u00e7\u00e3o de sua composi\u00e7\u00e3o \u201cBerceuse\u201d.<\/p>\n<p>Renato Gagliardi tamb\u00e9m j\u00e1 comp\u00f4s trilhas sonoras para produ\u00e7\u00f5es da Rio Preto em Foco, do videomaker e m\u00fasico Fernando Marques, em document\u00e1rios como \u201cO Ter\u00e7o Cantado na Boiadeira\u201d, \u201cVelhas Estradas, Eternas Lembran\u00e7as\u201d e \u201cVotuporanga em Foco\u201d.<\/p>\n<p>Em 2021, Renato Gagliardi concentrou-se na produ\u00e7\u00e3o de uma s\u00e9rie audiovisual do Su\u00edte Cabocla, com videoclipes que ser\u00e3o lan\u00e7ados em seu canal no Youtube e a proposta de difundir a m\u00fasica instrumental nas m\u00eddias sociais.<\/p>\n","protected":false},"excerpt":{"rendered":"<p>Natural de Votuporanga, Renato Gagliardi iniciou sua trajet\u00f3ria na m\u00fasica estudante contrabaixo ac\u00fastico no Conservat\u00f3rio de Tatu\u00ed, em S\u00e3o Paulo, nos anos 1990, de onde seguiu para a Universidade Federal de Goi\u00e1s para sua gradua\u00e7\u00e3o. Iniciou profissionalmente na Orquestra Filarm\u00f4nica do Estado de Goi\u00e1s, al\u00e9m de desenvolver paralelamente sua pesquisa em torno da viola. Seu [&#8230;]\n","protected":false},"author":1,"featured_media":223,"comment_status":"open","ping_status":"open","sticky":false,"template":"","format":"standard","meta":{"footnotes":""},"categories":[1],"tags":[7,11,6,5,4,12],"class_list":["post-222","post","type-post","status-publish","format-standard","has-post-thumbnail","hentry","category-sem-categoria","tag-musica","tag-musica-erudita","tag-quarteto-de-cordas","tag-rio-preto","tag-viola","tag-viola-caipira"],"_links":{"self":[{"href":"https:\/\/suitecabocla.com.br\/index.php\/wp-json\/wp\/v2\/posts\/222","targetHints":{"allow":["GET"]}}],"collection":[{"href":"https:\/\/suitecabocla.com.br\/index.php\/wp-json\/wp\/v2\/posts"}],"about":[{"href":"https:\/\/suitecabocla.com.br\/index.php\/wp-json\/wp\/v2\/types\/post"}],"author":[{"embeddable":true,"href":"https:\/\/suitecabocla.com.br\/index.php\/wp-json\/wp\/v2\/users\/1"}],"replies":[{"embeddable":true,"href":"https:\/\/suitecabocla.com.br\/index.php\/wp-json\/wp\/v2\/comments?post=222"}],"version-history":[{"count":1,"href":"https:\/\/suitecabocla.com.br\/index.php\/wp-json\/wp\/v2\/posts\/222\/revisions"}],"predecessor-version":[{"id":224,"href":"https:\/\/suitecabocla.com.br\/index.php\/wp-json\/wp\/v2\/posts\/222\/revisions\/224"}],"wp:featuredmedia":[{"embeddable":true,"href":"https:\/\/suitecabocla.com.br\/index.php\/wp-json\/wp\/v2\/media\/223"}],"wp:attachment":[{"href":"https:\/\/suitecabocla.com.br\/index.php\/wp-json\/wp\/v2\/media?parent=222"}],"wp:term":[{"taxonomy":"category","embeddable":true,"href":"https:\/\/suitecabocla.com.br\/index.php\/wp-json\/wp\/v2\/categories?post=222"},{"taxonomy":"post_tag","embeddable":true,"href":"https:\/\/suitecabocla.com.br\/index.php\/wp-json\/wp\/v2\/tags?post=222"}],"curies":[{"name":"wp","href":"https:\/\/api.w.org\/{rel}","templated":true}]}}