{"id":199,"date":"2021-09-23T18:08:51","date_gmt":"2021-09-23T21:08:51","guid":{"rendered":"https:\/\/suitecabocla.com.br\/?p=199"},"modified":"2021-09-24T09:54:14","modified_gmt":"2021-09-24T12:54:14","slug":"concerto-do-suite-cabocla-reverencia-a-viola","status":"publish","type":"post","link":"https:\/\/suitecabocla.com.br\/index.php\/2021\/09\/23\/concerto-do-suite-cabocla-reverencia-a-viola\/","title":{"rendered":"Concerto do Su\u00edte Cabocla j\u00e1 foi visto por mais de 3 mil pessoas"},"content":{"rendered":"<p>Instrumento musical que faz parte do DNA da cultura popular brasileira, a viola conquistou o universo sinf\u00f4nico por meio do projeto Su\u00edte Cabocla, idealizado pelo m\u00fasico Renato Gagliardi.<\/p>\n<p>Resultado de mais de 20 anos de pesquisa sobre a musicalidade da viola, o Su\u00edte Cabocla deu origem, em 2013, a um concerto que rompeu as fronteiras entre o erudito e o popular, apresentando composi\u00e7\u00f5es in\u00e9ditas, arranjos e releituras de obras cl\u00e1ssicas.<\/p>\n<p>Desde sua estreia, o concerto j\u00e1 foi visto por cerca de 6 mil pessoas em mais de 20 apresenta\u00e7\u00f5es por cidades como S\u00e3o Jos\u00e9 do Rio Preto, Votuporanga, Fernand\u00f3polis e Santa F\u00e9 do Sul, al\u00e9m de institui\u00e7\u00f5es como Sesc.<\/p>\n<p>Nesse concerto, o Su\u00edte Cabocla prop\u00f5e o acesso a obras musicais importantes para a cultura universal por meio de um instrumento fortemente ligado \u00e0 identidade cultural brasileira. Em contato com composi\u00e7\u00f5es de nomes como Villa-Lobos, Beethoven, Bach e outros \u00edcones da m\u00fasica cl\u00e1ssica, pessoas de diferentes gera\u00e7\u00f5es desvendaram uma outra face da viola caipira.<\/p>\n<p>Tipo de composi\u00e7\u00e3o pautado pela sucess\u00e3o de pe\u00e7as ou andamentos musicais (dan\u00e7as), a su\u00edte despontou como o formato ideal para um concerto de viola ladeado por quarteto de cordas, contrabaixo e percuss\u00e3o. Assim, o repert\u00f3rio promove o contato com obras de diferentes \u00e9pocas e estilos, apresentadas em conceitos que enaltecem toda a erudi\u00e7\u00e3o do universo caboclo.<\/p>\n","protected":false},"excerpt":{"rendered":"<p>Instrumento musical que faz parte do DNA da cultura popular brasileira, a viola conquistou o universo sinf\u00f4nico por meio do projeto Su\u00edte Cabocla, idealizado pelo m\u00fasico Renato Gagliardi. Resultado de mais de 20 anos de pesquisa sobre a musicalidade da viola, o Su\u00edte Cabocla deu origem, em 2013, a um concerto que rompeu as fronteiras [&#8230;]\n","protected":false},"author":1,"featured_media":216,"comment_status":"open","ping_status":"open","sticky":false,"template":"","format":"standard","meta":{"footnotes":""},"categories":[1],"tags":[9,6,5,10,4,8],"class_list":["post-199","post","type-post","status-publish","format-standard","has-post-thumbnail","hentry","category-sem-categoria","tag-fernandopolis","tag-quarteto-de-cordas","tag-rio-preto","tag-santa-fe","tag-viola","tag-votuporanga"],"_links":{"self":[{"href":"https:\/\/suitecabocla.com.br\/index.php\/wp-json\/wp\/v2\/posts\/199","targetHints":{"allow":["GET"]}}],"collection":[{"href":"https:\/\/suitecabocla.com.br\/index.php\/wp-json\/wp\/v2\/posts"}],"about":[{"href":"https:\/\/suitecabocla.com.br\/index.php\/wp-json\/wp\/v2\/types\/post"}],"author":[{"embeddable":true,"href":"https:\/\/suitecabocla.com.br\/index.php\/wp-json\/wp\/v2\/users\/1"}],"replies":[{"embeddable":true,"href":"https:\/\/suitecabocla.com.br\/index.php\/wp-json\/wp\/v2\/comments?post=199"}],"version-history":[{"count":5,"href":"https:\/\/suitecabocla.com.br\/index.php\/wp-json\/wp\/v2\/posts\/199\/revisions"}],"predecessor-version":[{"id":213,"href":"https:\/\/suitecabocla.com.br\/index.php\/wp-json\/wp\/v2\/posts\/199\/revisions\/213"}],"wp:featuredmedia":[{"embeddable":true,"href":"https:\/\/suitecabocla.com.br\/index.php\/wp-json\/wp\/v2\/media\/216"}],"wp:attachment":[{"href":"https:\/\/suitecabocla.com.br\/index.php\/wp-json\/wp\/v2\/media?parent=199"}],"wp:term":[{"taxonomy":"category","embeddable":true,"href":"https:\/\/suitecabocla.com.br\/index.php\/wp-json\/wp\/v2\/categories?post=199"},{"taxonomy":"post_tag","embeddable":true,"href":"https:\/\/suitecabocla.com.br\/index.php\/wp-json\/wp\/v2\/tags?post=199"}],"curies":[{"name":"wp","href":"https:\/\/api.w.org\/{rel}","templated":true}]}}