{"id":197,"date":"2021-09-20T17:30:15","date_gmt":"2021-09-20T20:30:15","guid":{"rendered":"https:\/\/suitecabocla.com.br\/?p=197"},"modified":"2021-09-24T12:51:51","modified_gmt":"2021-09-24T15:51:51","slug":"suite-cabocla-uma-paixao-de-mais-de-duas-decadas-pela-viola","status":"publish","type":"post","link":"https:\/\/suitecabocla.com.br\/index.php\/2021\/09\/20\/suite-cabocla-uma-paixao-de-mais-de-duas-decadas-pela-viola\/","title":{"rendered":"Su\u00edte Cabocla materializa uma paix\u00e3o de mais de duas d\u00e9cadas pela viola"},"content":{"rendered":"<p>Desde que dedilhou pela primeira vez a viola, presente do amigo Nelson Benfica, o m\u00fasico Renato Gagliardi estabelece uma rela\u00e7\u00e3o \u00edntima com o instrumento, dedicando-lhe estudo e um projeto \u00fanico, o Su\u00edte Cabocla. Por meio desse concerto, cuja raiz est\u00e1 na inser\u00e7\u00e3o da viola a um quarteto de cordas, o m\u00fasico votuporanguense materializa uma paix\u00e3o de mais de duas d\u00e9cadas.<\/p>\n<p>&#8220;Lembro que quando ganhei minha primeira viola j\u00e1 atuava como contrabaixista da Filarm\u00f4nica de Goi\u00e1s. Foi um presente do Nelson Benfica, que dizia que eu tinha jeito para tocar; dizia que tinha os dedos \u00e1geis, tocava r\u00e1pido e bem. Desde ent\u00e3o n\u00e3o parei mais de tocar viola, apesar de continuar como contrabaixista&#8221;, conta Renato Gagliardi.<\/p>\n<p>O embri\u00e3o daquele que viria ser o projeto Su\u00edte Cabocla veio em meados dos anos 1990, por meio do duo Madeira e Vento, envolvendo Renato Gagliardi na viola e o saudoso maestro e m\u00fasico Saulo Schneck, de S\u00e3o Jos\u00e9 do Rio Preto, no violoncelo, al\u00e9m de participa\u00e7\u00f5es pontuais do viol\u00e3o e da percuss\u00e3o.<\/p>\n<p>&#8220;Eu j\u00e1 havia me afastado da Filarm\u00f4nica de Goi\u00e1s na \u00e9poca em que criei o Madeira e Vento com o Saulo Schneck. A partir dessa experi\u00eancia, fui percebendo que cabiam mais instrumentos, e comecei a pensar algo em torno de um quarteto de cordas&#8221;, relembra. Nessa \u00e9poca, Renato Gagliardi ainda participou de um projeto do Sesc que reuniu violeiros paulistas, reafirmando sua voca\u00e7\u00e3o para a viola, que tamb\u00e9m o acompanhou nas temporadas internacionais que fez por pa\u00edses como It\u00e1lia e Su\u00ed\u00e7a.<\/p>\n<p>Para Renato Gagliardi, a viola tem uma sonoridade universal, tendo tudo para conquistar plateias de outros pa\u00edses por meio do concerto do projeto Su\u00edte Cabocla.<\/p>\n","protected":false},"excerpt":{"rendered":"<p>Desde que dedilhou pela primeira vez a viola, presente do amigo Nelson Benfica, o m\u00fasico Renato Gagliardi estabelece uma rela\u00e7\u00e3o \u00edntima com o instrumento, dedicando-lhe estudo e um projeto \u00fanico, o Su\u00edte Cabocla. Por meio desse concerto, cuja raiz est\u00e1 na inser\u00e7\u00e3o da viola a um quarteto de cordas, o m\u00fasico votuporanguense materializa uma paix\u00e3o [&#8230;]\n","protected":false},"author":1,"featured_media":206,"comment_status":"open","ping_status":"open","sticky":false,"template":"","format":"standard","meta":{"footnotes":""},"categories":[1],"tags":[7,6,5,4],"class_list":["post-197","post","type-post","status-publish","format-standard","has-post-thumbnail","hentry","category-sem-categoria","tag-musica","tag-quarteto-de-cordas","tag-rio-preto","tag-viola"],"_links":{"self":[{"href":"https:\/\/suitecabocla.com.br\/index.php\/wp-json\/wp\/v2\/posts\/197","targetHints":{"allow":["GET"]}}],"collection":[{"href":"https:\/\/suitecabocla.com.br\/index.php\/wp-json\/wp\/v2\/posts"}],"about":[{"href":"https:\/\/suitecabocla.com.br\/index.php\/wp-json\/wp\/v2\/types\/post"}],"author":[{"embeddable":true,"href":"https:\/\/suitecabocla.com.br\/index.php\/wp-json\/wp\/v2\/users\/1"}],"replies":[{"embeddable":true,"href":"https:\/\/suitecabocla.com.br\/index.php\/wp-json\/wp\/v2\/comments?post=197"}],"version-history":[{"count":4,"href":"https:\/\/suitecabocla.com.br\/index.php\/wp-json\/wp\/v2\/posts\/197\/revisions"}],"predecessor-version":[{"id":217,"href":"https:\/\/suitecabocla.com.br\/index.php\/wp-json\/wp\/v2\/posts\/197\/revisions\/217"}],"wp:featuredmedia":[{"embeddable":true,"href":"https:\/\/suitecabocla.com.br\/index.php\/wp-json\/wp\/v2\/media\/206"}],"wp:attachment":[{"href":"https:\/\/suitecabocla.com.br\/index.php\/wp-json\/wp\/v2\/media?parent=197"}],"wp:term":[{"taxonomy":"category","embeddable":true,"href":"https:\/\/suitecabocla.com.br\/index.php\/wp-json\/wp\/v2\/categories?post=197"},{"taxonomy":"post_tag","embeddable":true,"href":"https:\/\/suitecabocla.com.br\/index.php\/wp-json\/wp\/v2\/tags?post=197"}],"curies":[{"name":"wp","href":"https:\/\/api.w.org\/{rel}","templated":true}]}}