{"id":166,"date":"2021-09-14T12:25:36","date_gmt":"2021-09-14T15:25:36","guid":{"rendered":"https:\/\/suitecabocla.com.br\/?p=166"},"modified":"2021-09-24T12:22:51","modified_gmt":"2021-09-24T15:22:51","slug":"musicas-do-concerto-suite-cabocla-ganham-videoclipe","status":"publish","type":"post","link":"https:\/\/suitecabocla.com.br\/index.php\/2021\/09\/14\/musicas-do-concerto-suite-cabocla-ganham-videoclipe\/","title":{"rendered":"M\u00fasicas do projeto Su\u00edte Cabocla ganham videoclipe"},"content":{"rendered":"<p>A s\u00e9rie audiovisual dedicada ao projeto Su\u00edte Cabocla, de Renato Gagliardi, vai contemplar m\u00fasicas que fizeram parte do repert\u00f3rio do concerto que circulou pelo noroeste paulista em 2013, por cidades como Rio Preto, Votuporanga, Fernand\u00f3polis e Santa F\u00e9 do Sul.<\/p>\n<p>Cada m\u00fasica ser\u00e1 alvo de um videoclipe, que traz imagens feitas em est\u00fadio por Z\u00e9 Thomaz e v\u00eddeos que fazem parte do acervo do artista multim\u00eddia Jef Telles, de Rio Preto. A dire\u00e7\u00e3o de v\u00eddeo \u00e9 de Ferrugem, que tamb\u00e9m est\u00e1 presente como percussionista na produ\u00e7\u00e3o musical do Su\u00edte Cabocla. A dire\u00e7\u00e3o de som leva assinatura de Ly Sarkis.<\/p>\n<p>Os videoclipe envolvem composi\u00e7\u00f5es de Renato Gagliardi (\u201cAbertura\u201d, \u201cAna Clara\u201d, \u201cBai\u00e3o\u201d, \u201cCanon\u201d, \u201cBerceuse\u201d e \u201cLamento Sertanejo\u201d), arranjos (\u201cAdagio\u201d, com Tomaso Albinoni, \u201cImprovisa Marcondes\u201d, com Renato Gagliardi e Adriano Marcondes, e \u201cBrasileirinho\u201d, com Renato Gagliardi) e leituras (\u201cMercedita\u201d, de Ram\u00f3n Sixto Rios, e \u201cPink Lady\u201d, de Pamela Wedgwood).<\/p>\n","protected":false},"excerpt":{"rendered":"<p>A s\u00e9rie audiovisual dedicada ao projeto Su\u00edte Cabocla, de Renato Gagliardi, vai contemplar m\u00fasicas que fizeram parte do repert\u00f3rio do concerto que circulou pelo noroeste paulista em 2013, por cidades como Rio Preto, Votuporanga, Fernand\u00f3polis e Santa F\u00e9 do Sul. Cada m\u00fasica ser\u00e1 alvo de um videoclipe, que traz imagens feitas em est\u00fadio por Z\u00e9 [&#8230;]\n","protected":false},"author":1,"featured_media":219,"comment_status":"open","ping_status":"open","sticky":false,"template":"","format":"standard","meta":{"footnotes":""},"categories":[3],"tags":[],"class_list":["post-166","post","type-post","status-publish","format-standard","has-post-thumbnail","hentry","category-blog"],"_links":{"self":[{"href":"https:\/\/suitecabocla.com.br\/index.php\/wp-json\/wp\/v2\/posts\/166","targetHints":{"allow":["GET"]}}],"collection":[{"href":"https:\/\/suitecabocla.com.br\/index.php\/wp-json\/wp\/v2\/posts"}],"about":[{"href":"https:\/\/suitecabocla.com.br\/index.php\/wp-json\/wp\/v2\/types\/post"}],"author":[{"embeddable":true,"href":"https:\/\/suitecabocla.com.br\/index.php\/wp-json\/wp\/v2\/users\/1"}],"replies":[{"embeddable":true,"href":"https:\/\/suitecabocla.com.br\/index.php\/wp-json\/wp\/v2\/comments?post=166"}],"version-history":[{"count":4,"href":"https:\/\/suitecabocla.com.br\/index.php\/wp-json\/wp\/v2\/posts\/166\/revisions"}],"predecessor-version":[{"id":221,"href":"https:\/\/suitecabocla.com.br\/index.php\/wp-json\/wp\/v2\/posts\/166\/revisions\/221"}],"wp:featuredmedia":[{"embeddable":true,"href":"https:\/\/suitecabocla.com.br\/index.php\/wp-json\/wp\/v2\/media\/219"}],"wp:attachment":[{"href":"https:\/\/suitecabocla.com.br\/index.php\/wp-json\/wp\/v2\/media?parent=166"}],"wp:term":[{"taxonomy":"category","embeddable":true,"href":"https:\/\/suitecabocla.com.br\/index.php\/wp-json\/wp\/v2\/categories?post=166"},{"taxonomy":"post_tag","embeddable":true,"href":"https:\/\/suitecabocla.com.br\/index.php\/wp-json\/wp\/v2\/tags?post=166"}],"curies":[{"name":"wp","href":"https:\/\/api.w.org\/{rel}","templated":true}]}}